{"id":78071,"date":"2021-09-28T08:50:55","date_gmt":"2021-09-28T06:50:55","guid":{"rendered":"https:\/\/chk-de.org\/?p=78071"},"modified":"2021-09-29T13:01:17","modified_gmt":"2021-09-29T11:01:17","slug":"rueckblick-china-day-2021-digital","status":"publish","type":"post","link":"https:\/\/chk-de.org\/de\/rueckblick-china-day-2021-digital\/","title":{"rendered":"R\u00fcckblick: China Day 2021 digital"},"content":{"rendered":"\t\t<div data-elementor-type=\"wp-post\" data-elementor-id=\"78071\" class=\"elementor elementor-78071\" data-elementor-settings=\"[]\">\n\t\t\t\t\t\t\t<div class=\"elementor-section-wrap\">\n\t\t\t\t\t\t\t<section class=\"elementor-section elementor-top-section elementor-element elementor-element-05024b8 is-yes elementor-section-boxed elementor-section-height-default elementor-section-height-default\" data-id=\"05024b8\" data-element_type=\"section\">\n\t\t\t\t\t\t<div class=\"elementor-container elementor-column-gap-default\">\n\t\t\t\t\t<div class=\"dis-fl col-12 col-12--medium elementor-column elementor-col-100 elementor-top-column elementor-element elementor-element-ee1c6eb  gut\" data-id=\"ee1c6eb\" data-element_type=\"column\">\n\t\t\t<div class=\"elementor-widget-wrap elementor-element-populated\">\n\t\t\t\t\t\t\t\t<div class=\"elementor-element elementor-element-2626ed9 pad-b-1 elementor-widget elementor-widget-header\" data-id=\"2626ed9\" data-element_type=\"widget\" data-widget_type=\"header.default\">\n\t\t\t\t<div class=\"elementor-widget-container\">\n\t\t\t<h2 class=\"heading\">\n    <span class=\"fontw-l has-divider lh-3 size-5\">Krise als Chance? Zur Zukunft der chinesisch-deutschen Wirtschaftszusammenarbeit<\/span>\n  <div class=\"heading__divider pad-t-2\" aria-hidden><svg width=\"90\" height=\"2\" viewBox=\"0 0 90 2\" xmlns=\"http:\/\/www.w3.org\/2000\/svg\"><line x1=\"0\" y1=\"1\" x2=\"90\" y2=\"1\" stroke-width=\"2\" \/><\/svg><\/div><\/h2>\t\t<\/div>\n\t\t\t\t<\/div>\n\t\t\t\t\t<\/div>\n\t\t<\/div>\n\t\t\t\t\t\t\t<\/div>\n\t\t<\/section>\n\t\t\t\t<section class=\"elementor-section elementor-top-section elementor-element elementor-element-1bcb59a is-yes elementor-section-boxed elementor-section-height-default elementor-section-height-default\" data-id=\"1bcb59a\" data-element_type=\"section\">\n\t\t\t\t\t\t<div class=\"elementor-container elementor-column-gap-default\">\n\t\t\t\t\t<div class=\"dis-fl col-12 col-12--medium elementor-column elementor-col-100 elementor-top-column elementor-element elementor-element-b4e2711  gut\" data-id=\"b4e2711\" data-element_type=\"column\">\n\t\t\t<div class=\"elementor-widget-wrap elementor-element-populated\">\n\t\t\t\t\t\t\t\t<div class=\"elementor-element elementor-element-10c9177 lh-3 co-black elementor-widget elementor-widget-text-block\" data-id=\"10c9177\" data-element_type=\"widget\" data-widget_type=\"text-block.default\">\n\t\t\t\t<div class=\"elementor-widget-container\">\n\t\t\t\n\n<div class=\"elementor-text-editor\"><p>Der China Day 2021 digital fand am 15. September statt. Das Leitevent der Chinesischen Handelskammer in Deutschland (CHKD) wurde erneut online abgehalten und erfreute sich wie die erste digitale Ausgabe im vergangenen Jahr gro\u00dfer Beliebtheit. \u00dcber 1.200 Teilnehmer aus China und Deutschland waren mit dabei. Kooperationspartner des 6. China Day waren auch diesmal der Bundesverband der Deutschen Industrie (BDI) und der Deutsche Industrie- und Handelskammertag (DIHK).<\/p><p>\u00a0<\/p><p>Das Online-Event bot auch in diesem Jahr hochrangigen Vertretern aus Politik und Wirtschaft beider L\u00e4nder die M\u00f6glichkeit, sich \u00fcber aktuelle Entwicklungen, Trends sowie Chancen und Herausforderungen in den bilateralen Wirtschaftsbeziehungen auszutauschen.\u00a0<\/p><p>\u00a0<\/p><\/div>\t\t<\/div>\n\t\t\t\t<\/div>\n\t\t\t\t\t<\/div>\n\t\t<\/div>\n\t\t\t\t\t\t\t<\/div>\n\t\t<\/section>\n\t\t\t\t<section class=\"elementor-section elementor-top-section elementor-element elementor-element-b507ba2 is-yes elementor-section-boxed elementor-section-height-default elementor-section-height-default\" data-id=\"b507ba2\" data-element_type=\"section\">\n\t\t\t\t\t\t<div class=\"elementor-container elementor-column-gap-default\">\n\t\t\t\t\t<div class=\"dis-fl col-12 col-4--medium elementor-column elementor-col-33 elementor-top-column elementor-element elementor-element-2e0f0b1  gut\" data-id=\"2e0f0b1\" data-element_type=\"column\">\n\t\t\t<div class=\"elementor-widget-wrap elementor-element-populated\">\n\t\t\t\t\t\t\t\t<div class=\"elementor-element elementor-element-c3bc8c8 elementor-widget elementor-widget-image\" data-id=\"c3bc8c8\" data-element_type=\"widget\" data-widget_type=\"image.default\">\n\t\t\t\t<div class=\"elementor-widget-container\">\n\t\t\t\t\t\t\t\t\t\t\t\t\t\t\t<img width=\"1024\" height=\"544\" src=\"https:\/\/chk-de.org\/app\/uploads\/2021\/09\/Bildschirmfoto-2021-09-28-um-08.51.18-1024x544.png\" class=\"attachment-large size-large\" alt=\"\" loading=\"lazy\" srcset=\"https:\/\/chk-de.org\/app\/uploads\/2021\/09\/Bildschirmfoto-2021-09-28-um-08.51.18-1024x544.png 1024w, https:\/\/chk-de.org\/app\/uploads\/2021\/09\/Bildschirmfoto-2021-09-28-um-08.51.18-300x159.png 300w, https:\/\/chk-de.org\/app\/uploads\/2021\/09\/Bildschirmfoto-2021-09-28-um-08.51.18-768x408.png 768w, https:\/\/chk-de.org\/app\/uploads\/2021\/09\/Bildschirmfoto-2021-09-28-um-08.51.18-1536x816.png 1536w, https:\/\/chk-de.org\/app\/uploads\/2021\/09\/Bildschirmfoto-2021-09-28-um-08.51.18-2048x1089.png 2048w\" sizes=\"(max-width: 1024px) 100vw, 1024px\" \/>\t\t\t\t\t\t\t\t\t\t\t\t\t\t\t<\/div>\n\t\t\t\t<\/div>\n\t\t\t\t\t<\/div>\n\t\t<\/div>\n\t\t\t\t<div class=\"dis-fl col-12 col-4--medium elementor-column elementor-col-33 elementor-top-column elementor-element elementor-element-5c8b098  gut\" data-id=\"5c8b098\" data-element_type=\"column\">\n\t\t\t<div class=\"elementor-widget-wrap elementor-element-populated\">\n\t\t\t\t\t\t\t\t<div class=\"elementor-element elementor-element-0692f00 elementor-widget elementor-widget-image\" data-id=\"0692f00\" data-element_type=\"widget\" data-widget_type=\"image.default\">\n\t\t\t\t<div class=\"elementor-widget-container\">\n\t\t\t\t\t\t\t\t\t\t\t\t\t\t\t<img width=\"1024\" height=\"518\" src=\"https:\/\/chk-de.org\/app\/uploads\/2021\/09\/Bildschirmfoto-2021-09-28-um-08.51.34-1024x518.png\" class=\"attachment-large size-large\" alt=\"\" loading=\"lazy\" srcset=\"https:\/\/chk-de.org\/app\/uploads\/2021\/09\/Bildschirmfoto-2021-09-28-um-08.51.34-1024x518.png 1024w, https:\/\/chk-de.org\/app\/uploads\/2021\/09\/Bildschirmfoto-2021-09-28-um-08.51.34-300x152.png 300w, https:\/\/chk-de.org\/app\/uploads\/2021\/09\/Bildschirmfoto-2021-09-28-um-08.51.34-768x388.png 768w, https:\/\/chk-de.org\/app\/uploads\/2021\/09\/Bildschirmfoto-2021-09-28-um-08.51.34-1536x777.png 1536w, https:\/\/chk-de.org\/app\/uploads\/2021\/09\/Bildschirmfoto-2021-09-28-um-08.51.34-2048x1035.png 2048w\" sizes=\"(max-width: 1024px) 100vw, 1024px\" \/>\t\t\t\t\t\t\t\t\t\t\t\t\t\t\t<\/div>\n\t\t\t\t<\/div>\n\t\t\t\t\t<\/div>\n\t\t<\/div>\n\t\t\t\t<div class=\"dis-fl col-12 col-4--medium elementor-column elementor-col-33 elementor-top-column elementor-element elementor-element-614f682  gut\" data-id=\"614f682\" data-element_type=\"column\">\n\t\t\t<div class=\"elementor-widget-wrap elementor-element-populated\">\n\t\t\t\t\t\t\t\t<div class=\"elementor-element elementor-element-2d17492 elementor-widget elementor-widget-image\" data-id=\"2d17492\" data-element_type=\"widget\" data-widget_type=\"image.default\">\n\t\t\t\t<div class=\"elementor-widget-container\">\n\t\t\t\t\t\t\t\t\t\t\t\t\t\t\t<img width=\"1024\" height=\"547\" src=\"https:\/\/chk-de.org\/app\/uploads\/2021\/09\/Bildschirmfoto-2021-09-28-um-08.51.48-1024x547.png\" class=\"attachment-large size-large\" alt=\"\" loading=\"lazy\" srcset=\"https:\/\/chk-de.org\/app\/uploads\/2021\/09\/Bildschirmfoto-2021-09-28-um-08.51.48-1024x547.png 1024w, https:\/\/chk-de.org\/app\/uploads\/2021\/09\/Bildschirmfoto-2021-09-28-um-08.51.48-300x160.png 300w, https:\/\/chk-de.org\/app\/uploads\/2021\/09\/Bildschirmfoto-2021-09-28-um-08.51.48-768x410.png 768w, https:\/\/chk-de.org\/app\/uploads\/2021\/09\/Bildschirmfoto-2021-09-28-um-08.51.48-1536x820.png 1536w, https:\/\/chk-de.org\/app\/uploads\/2021\/09\/Bildschirmfoto-2021-09-28-um-08.51.48-2048x1093.png 2048w\" sizes=\"(max-width: 1024px) 100vw, 1024px\" \/>\t\t\t\t\t\t\t\t\t\t\t\t\t\t\t<\/div>\n\t\t\t\t<\/div>\n\t\t\t\t\t<\/div>\n\t\t<\/div>\n\t\t\t\t\t\t\t<\/div>\n\t\t<\/section>\n\t\t\t\t<section class=\"elementor-section elementor-top-section elementor-element elementor-element-a768503 is-yes elementor-section-boxed elementor-section-height-default elementor-section-height-default\" data-id=\"a768503\" data-element_type=\"section\">\n\t\t\t\t\t\t<div class=\"elementor-container elementor-column-gap-default\">\n\t\t\t\t\t<div class=\"dis-fl col-12 col-12--medium elementor-column elementor-col-100 elementor-top-column elementor-element elementor-element-f69a598  gut\" data-id=\"f69a598\" data-element_type=\"column\">\n\t\t\t<div class=\"elementor-widget-wrap elementor-element-populated\">\n\t\t\t\t\t\t\t\t<div class=\"elementor-element elementor-element-33fef2c lh-3 co-black elementor-widget elementor-widget-text-block\" data-id=\"33fef2c\" data-element_type=\"widget\" data-widget_type=\"text-block.default\">\n\t\t\t\t<div class=\"elementor-widget-container\">\n\t\t\t\n\n<div class=\"elementor-text-editor\"><p>\u00a0<\/p><p>Zum Auftakt der Veranstaltung begr\u00fc\u00dfte CHKD-Pr\u00e4sident, <strong>ZHENG Donglin<\/strong> die Teilnehmer und betonte die Bedeutung, die der China Day als Austausch- und Diskussionsplattform f\u00fcr die wirtschaftliche Zusammenarbeit Chinas und Deutschland habe. Das gro\u00dfe Interesse am China Day sei eine Best\u00e4tigung und zeige, dass sich das Event mittlerweile etabliert hat und dass in der Zukunft noch zahlreiche und vielf\u00e4ltige Kooperationschancen f\u00fcr Unternehmen aus China und Deutschland zu erwarten sind. Denn trotz der Pandemie habe sich, so Herr Zheng weiter, die deutsche und die chinesische Wirtschaft im Jahr 2021 positiv entwickelt. Viele Zukunftsthemen wie eine klimaneutrale Wirtschaft oder Digitalisierung erfordern weiterf\u00fchrende und verst\u00e4rkte Zusammenarbeit beider L\u00e4nder.\u00a0<\/p><p>\u00a0<\/p><\/div>\t\t<\/div>\n\t\t\t\t<\/div>\n\t\t\t\t\t<\/div>\n\t\t<\/div>\n\t\t\t\t\t\t\t<\/div>\n\t\t<\/section>\n\t\t\t\t<section class=\"elementor-section elementor-top-section elementor-element elementor-element-4de44d1 is-yes elementor-section-boxed elementor-section-height-default elementor-section-height-default\" data-id=\"4de44d1\" data-element_type=\"section\">\n\t\t\t\t\t\t<div class=\"elementor-container elementor-column-gap-default\">\n\t\t\t\t\t<div class=\"dis-fl col-12 col-12--medium elementor-column elementor-col-100 elementor-top-column elementor-element elementor-element-04e8acf  gut\" data-id=\"04e8acf\" data-element_type=\"column\">\n\t\t\t<div class=\"elementor-widget-wrap elementor-element-populated\">\n\t\t\t\t\t\t\t\t<div class=\"elementor-element elementor-element-2dde60c lh-3 co-black elementor-widget elementor-widget-text-block\" data-id=\"2dde60c\" data-element_type=\"widget\" data-widget_type=\"text-block.default\">\n\t\t\t\t<div class=\"elementor-widget-container\">\n\t\t\t\n\n<div class=\"elementor-text-editor\"><p>Mit Blick auf die derzeit angespannte weltpolitische Lage sagte der CHKD-Pr\u00e4sident:<\/p><p>\u00a0<\/p><\/div>\t\t<\/div>\n\t\t\t\t<\/div>\n\t\t\t\t\t<\/div>\n\t\t<\/div>\n\t\t\t\t\t\t\t<\/div>\n\t\t<\/section>\n\t\t\t\t<section class=\"elementor-section elementor-top-section elementor-element elementor-element-32b4f63 is-yes elementor-section-boxed elementor-section-height-default elementor-section-height-default\" data-id=\"32b4f63\" data-element_type=\"section\">\n\t\t\t\t\t\t<div class=\"elementor-container elementor-column-gap-default\">\n\t\t\t\t\t<div class=\"dis-fl col-12 col-12--medium elementor-column elementor-col-100 elementor-top-column elementor-element elementor-element-af089d6  gut\" data-id=\"af089d6\" data-element_type=\"column\">\n\t\t\t<div class=\"elementor-widget-wrap elementor-element-populated\">\n\t\t\t\t\t\t\t\t<div class=\"elementor-element elementor-element-86c1743 align-left lh-3 co-black elementor-widget elementor-widget-text-block\" data-id=\"86c1743\" data-element_type=\"widget\" data-widget_type=\"text-block.default\">\n\t\t\t\t<div class=\"elementor-widget-container\">\n\t\t\t\n\n<div class=\"elementor-text-editor\"><p style=\"text-align: left;\"><span style=\"color: #ffffff;\">\u00bbIn einigen Teilen der Welt sind Tendenzen des Isolationismus, des Protektionismus und der von Unilateralit\u00e4t wieder auf dem Vormarsch. Wir m\u00fcssen die Entschlossenheit haben, um eine nach vorne gerichtete Entwicklung fortzusetzen. Je schwieriger das Umfeld ist, desto st\u00e4rker m\u00fcssen wir uns nach au\u00dfen \u00f6ffnen. Chinesische Unternehmen sollen ihre Internationalisierung weiter vorantreiben und neue M\u00e4rkte erschlie\u00dfen.\u00ab<\/span><\/p><p style=\"text-align: right;\"><span style=\"color: #ffffff;\"><strong>ZHENG Donglin, Pr\u00e4sident, CHKD<\/strong><\/span><\/p><\/div>\t\t<\/div>\n\t\t\t\t<\/div>\n\t\t\t\t\t<\/div>\n\t\t<\/div>\n\t\t\t\t\t\t\t<\/div>\n\t\t<\/section>\n\t\t\t\t<section class=\"elementor-section elementor-top-section elementor-element elementor-element-14aee27 is-yes elementor-section-boxed elementor-section-height-default elementor-section-height-default\" data-id=\"14aee27\" data-element_type=\"section\">\n\t\t\t\t\t\t<div class=\"elementor-container elementor-column-gap-default\">\n\t\t\t\t\t<div class=\"dis-fl col-12 col-12--medium elementor-column elementor-col-100 elementor-top-column elementor-element elementor-element-ea0212f  gut\" data-id=\"ea0212f\" data-element_type=\"column\">\n\t\t\t<div class=\"elementor-widget-wrap elementor-element-populated\">\n\t\t\t\t\t\t\t\t<div class=\"elementor-element elementor-element-cb58a66 lh-3 co-black elementor-widget elementor-widget-text-block\" data-id=\"cb58a66\" data-element_type=\"widget\" data-widget_type=\"text-block.default\">\n\t\t\t\t<div class=\"elementor-widget-container\">\n\t\t\t\n\n<div class=\"elementor-text-editor\"><p>\u00a0<\/p><p><strong>WANG Weidong<\/strong>, Gesandter der Botschaft der VR China in Deutschland, betonte in seinem Impulsvortrag ebenfalls die Bedeutung der Kooperationen. Trotz der momentan schwierigen Lage hat sich das bilaterale Handelsvolumen zwischen beiden L\u00e4ndern vergr\u00f6\u00dfert. China ist nun schon seit f\u00fcnf Jahren in Folge der gr\u00f6\u00dfte Handelspartner Deutschlands weltweit.\u00a0<\/p><p>\u00a0<\/p><\/div>\t\t<\/div>\n\t\t\t\t<\/div>\n\t\t\t\t\t<\/div>\n\t\t<\/div>\n\t\t\t\t\t\t\t<\/div>\n\t\t<\/section>\n\t\t\t\t<section class=\"elementor-section elementor-top-section elementor-element elementor-element-d2cb55e is-yes elementor-section-boxed elementor-section-height-default elementor-section-height-default\" data-id=\"d2cb55e\" data-element_type=\"section\">\n\t\t\t\t\t\t<div class=\"elementor-container elementor-column-gap-default\">\n\t\t\t\t\t<div class=\"dis-fl col-12 col-12--medium elementor-column elementor-col-100 elementor-top-column elementor-element elementor-element-f8ae51c  gut\" data-id=\"f8ae51c\" data-element_type=\"column\">\n\t\t\t<div class=\"elementor-widget-wrap elementor-element-populated\">\n\t\t\t\t\t\t\t\t<div class=\"elementor-element elementor-element-35fc4e3 lh-3 co-black elementor-widget elementor-widget-text-block\" data-id=\"35fc4e3\" data-element_type=\"widget\" data-widget_type=\"text-block.default\">\n\t\t\t\t<div class=\"elementor-widget-container\">\n\t\t\t\n\n<div class=\"elementor-text-editor\"><p><span style=\"color: #ffffff;\">\u00bbDie Corona-Pandemie ist noch lange nicht vorbei und die Weltwirtschaft k\u00e4mpft um ihre Wiederherstellung. Im Angesicht der Herausforderungen, m\u00fcssen China und Deutschland zusammenarbeiten, um Schwierigkeiten zu \u00fcberwinden. Dies erfordert, dass Politiker, Industrieverb\u00e4nde und Unternehmen unserer beiden L\u00e4nder von der Nullsummen-Mentalit\u00e4t abr\u00fccken, eine pragmatische Haltung einnehmen und eine langfristige Vision \u00fcbernehmen, um der wirtschaftlichen Zusammenarbeit zwischen China und Deutschland mehr positive Energie zu verleihen und einen gr\u00f6\u00dferen Beitrag zur Erholung und Stabilit\u00e4t der Weltwirtschaft zu leisten.\u00ab<\/span><\/p><p style=\"text-align: right;\"><span style=\"color: #ffffff;\"><strong>WANG Weidong, Gesandter, Botschaft der VR China in Deutschland<\/strong><\/span><\/p><\/div>\t\t<\/div>\n\t\t\t\t<\/div>\n\t\t\t\t\t<\/div>\n\t\t<\/div>\n\t\t\t\t\t\t\t<\/div>\n\t\t<\/section>\n\t\t\t\t<section class=\"elementor-section elementor-top-section elementor-element elementor-element-92808b9 is-yes elementor-section-boxed elementor-section-height-default elementor-section-height-default\" data-id=\"92808b9\" data-element_type=\"section\">\n\t\t\t\t\t\t<div class=\"elementor-container elementor-column-gap-default\">\n\t\t\t\t\t<div class=\"dis-fl col-12 col-12--medium elementor-column elementor-col-100 elementor-top-column elementor-element elementor-element-c9df79b  gut\" data-id=\"c9df79b\" data-element_type=\"column\">\n\t\t\t<div class=\"elementor-widget-wrap elementor-element-populated\">\n\t\t\t\t\t\t\t\t<div class=\"elementor-element elementor-element-3cfaecc lh-3 co-black elementor-widget elementor-widget-text-block\" data-id=\"3cfaecc\" data-element_type=\"widget\" data-widget_type=\"text-block.default\">\n\t\t\t\t<div class=\"elementor-widget-container\">\n\t\t\t\n\n<div class=\"elementor-text-editor\"><p>\u00a0<\/p><p><strong>Dr. Andreas Nicolin<\/strong>, Ministerialdirigent im Bundesministerium f\u00fcr Wirtschaft und Energie, sagte in seinem Impulsvortrag, dass man 2021 wieder optimistischer in die Zukunft schauen k\u00f6nne als noch im letzten Jahr. Mit Blick auf die wirtschaftlichen Beziehungen zu China legte er dar, dass das BMWi gro\u00dfes Potenzial der Zusammenarbeit sehe, was vermehrt auch f\u00fcr Zukunftsbereiche wie die Digitalisierung der Industrie gelte. Aber auch beim Klimaschutz seien China und Deutschland wichtige Partner. Das trotz Corona gestiegene Handelsvolumen mache au\u00dferdem deutlich, dass sowohl die bilateralen Wirtschaftsbeziehungen als auch das Verh\u00e4ltnis der EU zu China in hohem Ma\u00dfe von wechselseitiger Verflechtung gepr\u00e4gt sind. Gleicherma\u00dfen betonte Herr Nicolin jedoch mit Blick auf die Herausforderungen, vor denen deutsche Unternehmen in China stehen, dass es zu viele Beschr\u00e4nkungen beim Marktzugang und bei den Investitionsbedingungen in China gebe und forderte Fortschritte im Sinne von mehr Gleichbehandlung und Offenheit. Zum Ende seines Redebeitrages fasste Herr Nicolin zusammen:<\/p><p>\u00a0<\/p><\/div>\t\t<\/div>\n\t\t\t\t<\/div>\n\t\t\t\t\t<\/div>\n\t\t<\/div>\n\t\t\t\t\t\t\t<\/div>\n\t\t<\/section>\n\t\t\t\t<section class=\"elementor-section elementor-top-section elementor-element elementor-element-7ea8a11 is-yes elementor-section-boxed elementor-section-height-default elementor-section-height-default\" data-id=\"7ea8a11\" data-element_type=\"section\">\n\t\t\t\t\t\t<div class=\"elementor-container elementor-column-gap-default\">\n\t\t\t\t\t<div class=\"dis-fl col-12 col-12--medium elementor-column elementor-col-100 elementor-top-column elementor-element elementor-element-3ec3fef  gut\" data-id=\"3ec3fef\" data-element_type=\"column\">\n\t\t\t<div class=\"elementor-widget-wrap elementor-element-populated\">\n\t\t\t\t\t\t\t\t<div class=\"elementor-element elementor-element-b37469e lh-3 co-black elementor-widget elementor-widget-text-block\" data-id=\"b37469e\" data-element_type=\"widget\" data-widget_type=\"text-block.default\">\n\t\t\t\t<div class=\"elementor-widget-container\">\n\t\t\t\n\n<div class=\"elementor-text-editor\"><p><span style=\"color: #ffffff;\">\u00bbDeutschland und China bleiben wichtige Partner &#8211; politisch wie wirtschaftlich. Die wirtschaftlichen Verbindungen unserer beiden L\u00e4nder werden stark bleiben, m\u00fcssen aber auch gepflegt und zukunftsfest gemacht werden. Stabile und verl\u00e4ssliche Rahmenbedinungen sind hierbei das zentrale Kriterium.\u00ab<\/span><\/p><p style=\"text-align: right;\"><span style=\"color: #ffffff;\"><strong>Dr. Andreas Nicolin, BMWi<\/strong><\/span><\/p><\/div>\t\t<\/div>\n\t\t\t\t<\/div>\n\t\t\t\t\t<\/div>\n\t\t<\/div>\n\t\t\t\t\t\t\t<\/div>\n\t\t<\/section>\n\t\t\t\t<section class=\"elementor-section elementor-top-section elementor-element elementor-element-f02f22f is-yes elementor-section-boxed elementor-section-height-default elementor-section-height-default\" data-id=\"f02f22f\" data-element_type=\"section\">\n\t\t\t\t\t\t<div class=\"elementor-container elementor-column-gap-default\">\n\t\t\t\t\t<div class=\"dis-fl col-12 col-12--medium elementor-column elementor-col-100 elementor-top-column elementor-element elementor-element-2c1088d  gut\" data-id=\"2c1088d\" data-element_type=\"column\">\n\t\t\t<div class=\"elementor-widget-wrap elementor-element-populated\">\n\t\t\t\t\t\t\t\t<div class=\"elementor-element elementor-element-c1ea483 lh-3 co-black elementor-widget elementor-widget-text-block\" data-id=\"c1ea483\" data-element_type=\"widget\" data-widget_type=\"text-block.default\">\n\t\t\t\t<div class=\"elementor-widget-container\">\n\t\t\t\n\n<div class=\"elementor-text-editor\"><p>\u00a0<\/p><p><strong>Status Quo und Perspektiven der bilateralen Wirtschaftsbeziehungen<\/strong> standen auch im Fokus des Er\u00f6ffnungsgespr\u00e4chs. Teilnehmer waren: DUAN Wei, Hauptgesch\u00e4ftsf\u00fchrer der CHKD, Wolfgang Niedermark, Mitglied der Hauptgesch\u00e4ftsf\u00fchrung des BDI, Dr. Volker Treier, Mitglied der Hauptgesch\u00e4ftsf\u00fchrung beim DIHK.<\/p><p>\u00a0<\/p><\/div>\t\t<\/div>\n\t\t\t\t<\/div>\n\t\t\t\t\t<\/div>\n\t\t<\/div>\n\t\t\t\t\t\t\t<\/div>\n\t\t<\/section>\n\t\t\t\t<section class=\"elementor-section elementor-top-section elementor-element elementor-element-3dd00cf is-yes elementor-section-boxed elementor-section-height-default elementor-section-height-default\" data-id=\"3dd00cf\" data-element_type=\"section\">\n\t\t\t\t\t\t<div class=\"elementor-container elementor-column-gap-default\">\n\t\t\t\t\t<div class=\"dis-fl col-12 col-4--medium elementor-column elementor-col-33 elementor-top-column elementor-element elementor-element-c6dcc42  gut\" data-id=\"c6dcc42\" data-element_type=\"column\">\n\t\t\t<div class=\"elementor-widget-wrap elementor-element-populated\">\n\t\t\t\t\t\t\t\t<div class=\"elementor-element elementor-element-3936f23 elementor-widget elementor-widget-image\" data-id=\"3936f23\" data-element_type=\"widget\" data-widget_type=\"image.default\">\n\t\t\t\t<div class=\"elementor-widget-container\">\n\t\t\t\t\t\t\t\t\t\t\t\t\t\t\t<img width=\"1024\" height=\"576\" src=\"https:\/\/chk-de.org\/app\/uploads\/2021\/09\/Bildschirmfoto-2021-09-28-um-09.12.11-1024x576.png\" class=\"attachment-large size-large\" alt=\"\" loading=\"lazy\" srcset=\"https:\/\/chk-de.org\/app\/uploads\/2021\/09\/Bildschirmfoto-2021-09-28-um-09.12.11-1024x576.png 1024w, https:\/\/chk-de.org\/app\/uploads\/2021\/09\/Bildschirmfoto-2021-09-28-um-09.12.11-300x169.png 300w, https:\/\/chk-de.org\/app\/uploads\/2021\/09\/Bildschirmfoto-2021-09-28-um-09.12.11-768x432.png 768w, https:\/\/chk-de.org\/app\/uploads\/2021\/09\/Bildschirmfoto-2021-09-28-um-09.12.11-1536x864.png 1536w, https:\/\/chk-de.org\/app\/uploads\/2021\/09\/Bildschirmfoto-2021-09-28-um-09.12.11-2048x1152.png 2048w\" sizes=\"(max-width: 1024px) 100vw, 1024px\" \/>\t\t\t\t\t\t\t\t\t\t\t\t\t\t\t<\/div>\n\t\t\t\t<\/div>\n\t\t\t\t\t<\/div>\n\t\t<\/div>\n\t\t\t\t<div class=\"dis-fl col-12 col-4--medium elementor-column elementor-col-33 elementor-top-column elementor-element elementor-element-0432b7f  gut\" data-id=\"0432b7f\" data-element_type=\"column\">\n\t\t\t<div class=\"elementor-widget-wrap elementor-element-populated\">\n\t\t\t\t\t\t\t\t<div class=\"elementor-element elementor-element-d0302f9 elementor-widget elementor-widget-image\" data-id=\"d0302f9\" data-element_type=\"widget\" data-widget_type=\"image.default\">\n\t\t\t\t<div class=\"elementor-widget-container\">\n\t\t\t\t\t\t\t\t\t\t\t\t\t\t\t<img width=\"1024\" height=\"573\" src=\"https:\/\/chk-de.org\/app\/uploads\/2021\/09\/Bildschirmfoto-2021-09-28-um-09.12.29-1024x573.png\" class=\"attachment-large size-large\" alt=\"\" loading=\"lazy\" srcset=\"https:\/\/chk-de.org\/app\/uploads\/2021\/09\/Bildschirmfoto-2021-09-28-um-09.12.29-1024x573.png 1024w, https:\/\/chk-de.org\/app\/uploads\/2021\/09\/Bildschirmfoto-2021-09-28-um-09.12.29-300x168.png 300w, https:\/\/chk-de.org\/app\/uploads\/2021\/09\/Bildschirmfoto-2021-09-28-um-09.12.29-768x430.png 768w, https:\/\/chk-de.org\/app\/uploads\/2021\/09\/Bildschirmfoto-2021-09-28-um-09.12.29-1536x860.png 1536w, https:\/\/chk-de.org\/app\/uploads\/2021\/09\/Bildschirmfoto-2021-09-28-um-09.12.29-2048x1147.png 2048w\" sizes=\"(max-width: 1024px) 100vw, 1024px\" \/>\t\t\t\t\t\t\t\t\t\t\t\t\t\t\t<\/div>\n\t\t\t\t<\/div>\n\t\t\t\t\t<\/div>\n\t\t<\/div>\n\t\t\t\t<div class=\"dis-fl col-12 col-4--medium elementor-column elementor-col-33 elementor-top-column elementor-element elementor-element-218be1c  gut\" data-id=\"218be1c\" data-element_type=\"column\">\n\t\t\t<div class=\"elementor-widget-wrap elementor-element-populated\">\n\t\t\t\t\t\t\t\t<div class=\"elementor-element elementor-element-01baadd elementor-widget elementor-widget-image\" data-id=\"01baadd\" data-element_type=\"widget\" data-widget_type=\"image.default\">\n\t\t\t\t<div class=\"elementor-widget-container\">\n\t\t\t\t\t\t\t\t\t\t\t\t\t\t\t<img width=\"1024\" height=\"572\" src=\"https:\/\/chk-de.org\/app\/uploads\/2021\/09\/Bildschirmfoto-2021-09-28-um-09.12.41-1024x572.png\" class=\"attachment-large size-large\" alt=\"\" loading=\"lazy\" srcset=\"https:\/\/chk-de.org\/app\/uploads\/2021\/09\/Bildschirmfoto-2021-09-28-um-09.12.41-1024x572.png 1024w, https:\/\/chk-de.org\/app\/uploads\/2021\/09\/Bildschirmfoto-2021-09-28-um-09.12.41-300x168.png 300w, https:\/\/chk-de.org\/app\/uploads\/2021\/09\/Bildschirmfoto-2021-09-28-um-09.12.41-768x429.png 768w, https:\/\/chk-de.org\/app\/uploads\/2021\/09\/Bildschirmfoto-2021-09-28-um-09.12.41-1536x858.png 1536w, https:\/\/chk-de.org\/app\/uploads\/2021\/09\/Bildschirmfoto-2021-09-28-um-09.12.41-2048x1144.png 2048w\" sizes=\"(max-width: 1024px) 100vw, 1024px\" \/>\t\t\t\t\t\t\t\t\t\t\t\t\t\t\t<\/div>\n\t\t\t\t<\/div>\n\t\t\t\t\t<\/div>\n\t\t<\/div>\n\t\t\t\t\t\t\t<\/div>\n\t\t<\/section>\n\t\t\t\t<section class=\"elementor-section elementor-top-section elementor-element elementor-element-55831b7 is-yes elementor-section-boxed elementor-section-height-default elementor-section-height-default\" data-id=\"55831b7\" data-element_type=\"section\">\n\t\t\t\t\t\t<div class=\"elementor-container elementor-column-gap-default\">\n\t\t\t\t\t<div class=\"dis-fl col-12 col-12--medium elementor-column elementor-col-100 elementor-top-column elementor-element elementor-element-69b881f  gut\" data-id=\"69b881f\" data-element_type=\"column\">\n\t\t\t<div class=\"elementor-widget-wrap elementor-element-populated\">\n\t\t\t\t\t\t\t\t<div class=\"elementor-element elementor-element-1e82824 lh-3 co-black elementor-widget elementor-widget-text-block\" data-id=\"1e82824\" data-element_type=\"widget\" data-widget_type=\"text-block.default\">\n\t\t\t\t<div class=\"elementor-widget-container\">\n\t\t\t\n\n<div class=\"elementor-text-editor\"><p>\u00a0<\/p><p><strong>DUAN Wei <\/strong>legte den Fokus auf die Chancen, die sich in der derzeitigen Krisensituation f\u00fcr Unternehmen bieten:<\/p><p>\u00a0<\/p><\/div>\t\t<\/div>\n\t\t\t\t<\/div>\n\t\t\t\t\t<\/div>\n\t\t<\/div>\n\t\t\t\t\t\t\t<\/div>\n\t\t<\/section>\n\t\t\t\t<section class=\"elementor-section elementor-top-section elementor-element elementor-element-7c7dccb is-yes elementor-section-boxed elementor-section-height-default elementor-section-height-default\" data-id=\"7c7dccb\" data-element_type=\"section\">\n\t\t\t\t\t\t<div class=\"elementor-container elementor-column-gap-default\">\n\t\t\t\t\t<div class=\"dis-fl col-12 col-12--medium elementor-column elementor-col-100 elementor-top-column elementor-element elementor-element-24af62e  gut\" data-id=\"24af62e\" data-element_type=\"column\">\n\t\t\t<div class=\"elementor-widget-wrap elementor-element-populated\">\n\t\t\t\t\t\t\t\t<div class=\"elementor-element elementor-element-08b560a lh-3 co-black elementor-widget elementor-widget-text-block\" data-id=\"08b560a\" data-element_type=\"widget\" data-widget_type=\"text-block.default\">\n\t\t\t\t<div class=\"elementor-widget-container\">\n\t\t\t\n\n<div class=\"elementor-text-editor\"><p><span style=\"color: #ffffff;\">\u00bbBei allen Herausforderungen, die es derzeit f\u00fcr internationale Unternehmen gibt \u2013 weltweit, in China, in Deutschland. Bei allen Hindernissen, mit denen auch unsere Mitglieder konfrontiert sind: Wir sehen weiterhin gro\u00dfe Chancen, gro\u00dfes Potenzial f\u00fcr die Wirtschaftszusammenarbeit zwischen China und Deutschland in der Zukunft.\u00ab<\/span><\/p><p style=\"text-align: right;\"><span style=\"color: #ffffff;\"><strong>DUAN Wei, Hauptgesch\u00e4ftsf\u00fchrer, CHKD<\/strong><\/span><\/p><\/div>\t\t<\/div>\n\t\t\t\t<\/div>\n\t\t\t\t\t<\/div>\n\t\t<\/div>\n\t\t\t\t\t\t\t<\/div>\n\t\t<\/section>\n\t\t\t\t<section class=\"elementor-section elementor-top-section elementor-element elementor-element-90c97fc is-yes elementor-section-boxed elementor-section-height-default elementor-section-height-default\" data-id=\"90c97fc\" data-element_type=\"section\">\n\t\t\t\t\t\t<div class=\"elementor-container elementor-column-gap-default\">\n\t\t\t\t\t<div class=\"dis-fl col-12 col-12--medium elementor-column elementor-col-100 elementor-top-column elementor-element elementor-element-2474a6f  gut\" data-id=\"2474a6f\" data-element_type=\"column\">\n\t\t\t<div class=\"elementor-widget-wrap elementor-element-populated\">\n\t\t\t\t\t\t\t\t<div class=\"elementor-element elementor-element-8a38d47 elementor-widget elementor-widget-spacer\" data-id=\"8a38d47\" data-element_type=\"widget\" data-widget_type=\"spacer.default\">\n\t\t\t\t<div class=\"elementor-widget-container\">\n\t\t\t\t\t<div class=\"elementor-spacer\">\n\t\t\t<div class=\"elementor-spacer-inner\"><\/div>\n\t\t<\/div>\n\t\t\t\t<\/div>\n\t\t\t\t<\/div>\n\t\t\t\t\t<\/div>\n\t\t<\/div>\n\t\t\t\t\t\t\t<\/div>\n\t\t<\/section>\n\t\t\t\t<section class=\"elementor-section elementor-top-section elementor-element elementor-element-08694c4 is-yes elementor-section-boxed elementor-section-height-default elementor-section-height-default\" data-id=\"08694c4\" data-element_type=\"section\">\n\t\t\t\t\t\t<div class=\"elementor-container elementor-column-gap-default\">\n\t\t\t\t\t<div class=\"dis-fl col-12 col-12--medium elementor-column elementor-col-100 elementor-top-column elementor-element elementor-element-4c739e9  gut\" data-id=\"4c739e9\" data-element_type=\"column\">\n\t\t\t<div class=\"elementor-widget-wrap elementor-element-populated\">\n\t\t\t\t\t\t\t\t<div class=\"elementor-element elementor-element-61ba80d lh-3 co-black elementor-widget elementor-widget-text-block\" data-id=\"61ba80d\" data-element_type=\"widget\" data-widget_type=\"text-block.default\">\n\t\t\t\t<div class=\"elementor-widget-container\">\n\t\t\t\n\n<div class=\"elementor-text-editor\"><p>\u00a0<\/p><p>Herr Duan f\u00fchrte weiter aus, dass chinesische Unternehmen das stabile Gesch\u00e4ftsumfeld in Deutschland weiterhin sehr sch\u00e4tzen und sie ihre Investitionen kontinuierlich ausweiten. Dies, so betonte Duan, f\u00fchre dazu, dass Arbeitspl\u00e4tze in Deutschland gesichert und geschaffen werden und Innovationen aus China nach Deutschland kommen. Herr Duan hob jedoch auch hervor, dass die immer weiter versch\u00e4rfte Investitionskontrolle in Deutschland und auf EU-Ebene zu einer gro\u00dfen Unsicherheit f\u00fcr die chinesische Unternehmen f\u00fchrt.<\/p><p>\u00a0<\/p><p>\u201eWir m\u00fcssen unsere Hausaufgaben machen\u201c, sagte Herr Duan au\u00dferdem mit Blick auf die zunehmende Politisierung der bilateralen Wirtschaftsbeziehungen und ging beispielhaft auf die aktuelle Diskussion um das neue Lieferkettengesetz ein: \u201eIch erlebe es so, dass chinesische Unternehmen in Deutschland und Europa sehr genau hinschauen bei ihren Lieferketten und sich selbst auch sehr strenge Standards setzen.\u201c<\/p><p>\u00a0<\/p><\/div>\t\t<\/div>\n\t\t\t\t<\/div>\n\t\t\t\t<div class=\"elementor-element elementor-element-45bf9ae lh-3 co-black elementor-widget elementor-widget-text-block\" data-id=\"45bf9ae\" data-element_type=\"widget\" data-widget_type=\"text-block.default\">\n\t\t\t\t<div class=\"elementor-widget-container\">\n\t\t\t\n\n<div class=\"elementor-text-editor\"><p><strong>Dr. Volker Treier<\/strong> vom DIHK betonte, dass China weiterhin ein wichtiger Markt f\u00fcr die deutsche Wirtschaft sei und das Jahr 2020 viel schwieriger verlaufen w\u00e4re, wenn China nicht fr\u00fchzeitiger wieder die konjunkturelle Kurve nach oben bekommen h\u00e4tte. Mittlerweile w\u00fcrden deutsche Unternehmen, dievor Ort in China sind, zu 90 Prozent f\u00fcr den chinesischen Markt produzieren. Au\u00dferdem seien 70 Prozent der Unternehmen positiv gestimmt, dass sich der chinesischer Markt besser entwickelt als andere M\u00e4rkte. Doch trotz aller positiven Tendenzen wies auch Herr Treier auf die Hindernisse beim Marktzugang f\u00fcr deutsche Unternehmen hin. Wichtig seien f\u00fcr ihn der Dialog und Plattformen wie der China Day, wo beide Seiten ihre Themen ansprechen k\u00f6nnten.<\/p><p>\u00a0<\/p><p><strong>Wolfgang Niedermark<\/strong> vom BDI wies darauf hin, dass China heute ein ganz anderer Akteur als noch vor einigen Jahren sei. Die aktuelle Phase beschrieb er als \u201eeine Zeit der Neuordnung\u201c. Herr Niedermark hoffe, dass es gelingt, diese so zu gestalten, dass der gro\u00dfe Teil der Kooperation fortgesetzt werden kann und nannte in diesem Zusammenhang \u201egemeinsame riesige Aufgaben\u201c, wie den Klimaschutz, Gesundheitsschutz oder insgesamt die Wohlstandsvermehrung durch den Handel.\u00a0Das wolle man nicht aufgeben, da m\u00fcsse man dran arbeiten, so Herr Niedermark. Gleichzeitig betonte er aber auch, dass in aller Offenheit auch Defizite angesprochen werden m\u00fcssten, wozu auch grunds\u00e4tzliche Fragen, wie Menschenrechte geh\u00f6ren.<\/p><p>\u00a0<\/p><p>Im Anschluss an die Gru\u00dfworte und das Er\u00f6ffnungsgespr\u00e4ch diskutierten Experten in zwei Online-Panels \u00fcber die Themen: \u201eDer Weg zur CO2-neutralen Wirtschaft in China und Deutschland \u2013 Chancen und Herausforderungen\u201c und \u201eDigitalisierung als Motor f\u00fcr die Zukunft der chinesisch-deutschen Wirtschaftszusammenarbeit? Perspektiven und Trends\u201c.<\/p><p>\u00a0<\/p><\/div>\t\t<\/div>\n\t\t\t\t<\/div>\n\t\t\t\t\t<\/div>\n\t\t<\/div>\n\t\t\t\t\t\t\t<\/div>\n\t\t<\/section>\n\t\t\t\t<section class=\"elementor-section elementor-top-section elementor-element elementor-element-ef475bc is-yes elementor-section-boxed elementor-section-height-default elementor-section-height-default\" data-id=\"ef475bc\" data-element_type=\"section\">\n\t\t\t\t\t\t<div class=\"elementor-container elementor-column-gap-default\">\n\t\t\t\t\t<div class=\"dis-fl col-12 col-12--medium elementor-column elementor-col-100 elementor-top-column elementor-element elementor-element-573cd36  gut\" data-id=\"573cd36\" data-element_type=\"column\">\n\t\t\t<div class=\"elementor-widget-wrap elementor-element-populated\">\n\t\t\t\t\t\t\t\t<div class=\"elementor-element elementor-element-17a4e15 pad-b-1 elementor-widget elementor-widget-header\" data-id=\"17a4e15\" data-element_type=\"widget\" data-widget_type=\"header.default\">\n\t\t\t\t<div class=\"elementor-widget-container\">\n\t\t\t<h2 class=\"heading\">\n    <span class=\"fontw-l has-divider lh-3 size-6\">Videos:<\/span>\n  <div class=\"heading__divider pad-t-2\" aria-hidden><svg width=\"90\" height=\"2\" viewBox=\"0 0 90 2\" xmlns=\"http:\/\/www.w3.org\/2000\/svg\"><line x1=\"0\" y1=\"1\" x2=\"90\" y2=\"1\" stroke-width=\"2\" \/><\/svg><\/div><\/h2>\t\t<\/div>\n\t\t\t\t<\/div>\n\t\t\t\t\t<\/div>\n\t\t<\/div>\n\t\t\t\t\t\t\t<\/div>\n\t\t<\/section>\n\t\t\t\t<section class=\"elementor-section elementor-top-section elementor-element elementor-element-5703b5d is-yes elementor-section-boxed elementor-section-height-default elementor-section-height-default\" data-id=\"5703b5d\" data-element_type=\"section\">\n\t\t\t\t\t\t<div class=\"elementor-container elementor-column-gap-default\">\n\t\t\t\t\t<div class=\"dis-fl col-12 col-6--medium elementor-column elementor-col-50 elementor-top-column elementor-element elementor-element-4aa12f9  gut\" data-id=\"4aa12f9\" data-element_type=\"column\">\n\t\t\t<div class=\"elementor-widget-wrap elementor-element-populated\">\n\t\t\t\t\t\t\t\t<div class=\"elementor-element elementor-element-6d8f374 lh-3 co-black elementor-widget elementor-widget-text-block\" data-id=\"6d8f374\" data-element_type=\"widget\" data-widget_type=\"text-block.default\">\n\t\t\t\t<div class=\"elementor-widget-container\">\n\t\t\t\n\n<div class=\"elementor-text-editor\"><p>\u00a0<\/p><p><strong>Die Videos zur Veranstaltung finden Sie hier<\/strong><\/p><\/div>\t\t<\/div>\n\t\t\t\t<\/div>\n\t\t\t\t\t<\/div>\n\t\t<\/div>\n\t\t\t\t<div class=\"dis-fl col-12 col-6--medium elementor-column elementor-col-50 elementor-top-column elementor-element elementor-element-83d372e  gut\" data-id=\"83d372e\" data-element_type=\"column\">\n\t\t\t<div class=\"elementor-widget-wrap elementor-element-populated\">\n\t\t\t\t\t\t\t\t<div class=\"elementor-element elementor-element-3dc3bba pad-t-1 align-center elementor-widget elementor-widget-simple-button\" data-id=\"3dc3bba\" data-element_type=\"widget\" data-widget_type=\"simple-button.default\">\n\t\t\t\t<div class=\"elementor-widget-container\">\n\t\t\t    \n  \n  \n  \n\n<a href=\"https:\/\/chk-de.org\/de\/china-day-2021-digital-rueckblick\/\" class=\"button size-2 is-primary\">\n  <span>Video R\u00fcckblick (full version)<\/span>\n<\/a>\t\t<\/div>\n\t\t\t\t<\/div>\n\t\t\t\t\t<\/div>\n\t\t<\/div>\n\t\t\t\t\t\t\t<\/div>\n\t\t<\/section>\n\t\t\t\t\t\t<\/div>\n\t\t\t\t\t<\/div>\n\t\t","protected":false},"excerpt":{"rendered":"<p>Krise als Chance? Zur Zukunft der chinesisch-deutschen Wirtschaftszusammenarbeit Der China Day 2021 digital fand am 15. September statt. Das Leitevent der Chinesischen Handelskammer in Deutschland (CHKD) wurde erneut online abgehalten und erfreute sich wie die erste digitale Ausgabe im vergangenen Jahr gro\u00dfer Beliebtheit. \u00dcber 1.200 Teilnehmer aus China und Deutschland waren mit dabei. Kooperationspartner des [&hellip;]<\/p>\n","protected":false},"author":6,"featured_media":77900,"comment_status":"closed","ping_status":"open","sticky":false,"template":"","format":"standard","meta":[],"categories":[22],"tags":[],"_links":{"self":[{"href":"https:\/\/chk-de.org\/de\/wp-json\/wp\/v2\/posts\/78071"}],"collection":[{"href":"https:\/\/chk-de.org\/de\/wp-json\/wp\/v2\/posts"}],"about":[{"href":"https:\/\/chk-de.org\/de\/wp-json\/wp\/v2\/types\/post"}],"author":[{"embeddable":true,"href":"https:\/\/chk-de.org\/de\/wp-json\/wp\/v2\/users\/6"}],"replies":[{"embeddable":true,"href":"https:\/\/chk-de.org\/de\/wp-json\/wp\/v2\/comments?post=78071"}],"version-history":[{"count":40,"href":"https:\/\/chk-de.org\/de\/wp-json\/wp\/v2\/posts\/78071\/revisions"}],"predecessor-version":[{"id":78134,"href":"https:\/\/chk-de.org\/de\/wp-json\/wp\/v2\/posts\/78071\/revisions\/78134"}],"wp:featuredmedia":[{"embeddable":true,"href":"https:\/\/chk-de.org\/de\/wp-json\/wp\/v2\/media\/77900"}],"wp:attachment":[{"href":"https:\/\/chk-de.org\/de\/wp-json\/wp\/v2\/media?parent=78071"}],"wp:term":[{"taxonomy":"category","embeddable":true,"href":"https:\/\/chk-de.org\/de\/wp-json\/wp\/v2\/categories?post=78071"},{"taxonomy":"post_tag","embeddable":true,"href":"https:\/\/chk-de.org\/de\/wp-json\/wp\/v2\/tags?post=78071"}],"curies":[{"name":"wp","href":"https:\/\/api.w.org\/{rel}","templated":true}]}}